{"id":431,"date":"2023-05-02T18:25:14","date_gmt":"2023-05-02T16:25:14","guid":{"rendered":"http:\/\/bernac-dessus.fr\/?p=431"},"modified":"2023-06-01T14:59:02","modified_gmt":"2023-06-01T12:59:02","slug":"primes-de-letat-a-lachat-dun-velo-electrique","status":"publish","type":"post","link":"https:\/\/bernac-dessus.fr\/?p=431","title":{"rendered":"PRIME DE L\u2019\u00c9TAT A L&rsquo;ACHAT D&rsquo;UN V\u00c9LO \u00c9LECTRIQUE"},"content":{"rendered":"\n<p>En 2023, dans une d\u00e9marche de <a href=\"https:\/\/www.agence-france-electricite.fr\/distributeur-electricite\/enedis\/mise-en-service\/\" target=\"_blank\" rel=\"noreferrer noopener\">pr\u00e9servation \u00e9nerg\u00e9tique<\/a>, l\u2019Etat fran\u00e7ais a revu le montant de sa prime \u00e0 la conversion. En effet<a href=\"https:\/\/www.fournisseur-energie.com\/prix-kwh\/prix-electricite-france\/\" target=\"_blank\" rel=\"noreferrer noopener\">,<\/a> si vous achetez un v\u00e9lo classique ou \u00e9lectrique et que vous remplissez les conditions, b\u00e9n\u00e9ficier d&rsquo;une aide financi\u00e8re :<\/p>\n\n\n\n<ul><li>Les crit\u00e8res d\u2019\u00e9ligibilit\u00e9 ont \u00e9t\u00e9 rehauss\u00e9s, \u00e0 partir du 1er janvier 2023 dans le but de couvrir 50 % des m\u00e9nages les plus modestes (revenu fiscal de r\u00e9f\u00e9rence par part inf\u00e9rieur \u00e0 14 089 \u20ac, contre 13 489 \u20ac en 2022).<\/li><li>Pour les citoyens r\u00e9sidant en France et pr\u00e9sentant des ressources inf\u00e9rieures \u00e0 14 089 euros, ou encore en situation de handicap, vous pouvez pr\u00e9tendre \u00e0 cette aide.<\/li><\/ul>\n\n\n\n<p>Toutes les aides en fonction du v\u00e9lo achet\u00e9 sont disponibles sur cette <a rel=\"noreferrer noopener\" href=\"https:\/\/www.agence-france-electricite.fr\/actualites\/bonus-velo\/\" target=\"_blank\">page<\/a>. Pour obtenir cette aide, vous devez d\u00e9poser votre demande sur le site <a rel=\"noreferrer noopener\" href=\"https:\/\/www.primealaconversion.gouv.fr\/dboneco\/accueil\/\" target=\"_blank\">https:\/\/www.primealaconversion.gouv.fr\/dboneco\/accueil\/<\/a> dans un d\u00e9lai de six mois suivant la date de facturation du v\u00e9lo.<\/p>\n\n\n\n<p>De plus, cette aide peut \u00eatre cumul\u00e9e avec l&rsquo;aide le l&rsquo;agglom\u00e9ration TLP<\/p>\n\n\n\n<h2>BAR\u00c8ME DES AIDES A L&rsquo;ACHAT OU A LA LOCATION DE V\u00c9HICULES PEU POLLUANT <\/h2>\n\n\n\n<p>Depuis le 1er janvier 2023, les bar\u00e8mes des aides \u00e0 l&rsquo;achat ou \u00e0 la location de v\u00e9hicules peu polluants ont \u00e9t\u00e9 modifi\u00e9s : <a href=\"https:\/\/www.ecologie.gouv.fr\/prime-conversion-bonus-ecologique-toutes-aides-en-faveur-lacquisition-vehicules-propres\" target=\"_blank\" rel=\"noreferrer noopener\">https:\/\/www.ecologie.gouv.fr\/prime-conversion-bonus-ecologique-toutes-aides-en-faveur-lacquisition-vehicules-propres<\/a>.<\/p>\n\n\n\n<p>D\u00e9sormais, il est possible de d\u00e9poser en ligne les demandes d&rsquo;aides pour l&rsquo;acquisition de voitures particuli\u00e8res, camionnettes, 2-3 roues et quadricycles \u00e0 moteur factur\u00e9s \u00e0 partir du 1er janvier 2023.<\/p>\n\n\n\n<p>NB : Les centres de contr\u00f4le technique sont d\u00e9sormais tenus de v\u00e9rifier les syst\u00e8mes de communication du v\u00e9hicule, qui permettent d&rsquo;alerter les secours en cas d&rsquo;accident et de g\u00e9olocaliser le v\u00e9hicule en cas de besoin. En plus des v\u00e9rifications habituelles telles que les pneus <a href=\"https:\/\/www.vroomly.com\/blog\/pneu-runflat-tout-ce-quil-faut-savoir\/\" target=\"_blank\" rel=\"noreferrer noopener\">de type runflat<\/a>, le moteur, les freins et la carrosserie, le contr\u00f4le technique inclut d\u00e9sormais \u00e9galement le syst\u00e8me GPS et l&rsquo;E-Call.<\/p>\n\n\n\n<p>Apr\u00e8s le contr\u00f4le technique, si les r\u00e9sultats sont n\u00e9gatifs, le centre pourra vous recommander de consulter un garagiste afin d&rsquo;effectuer les r\u00e9parations n\u00e9cessaires. Pour trouver un garage pr\u00e8s de chez vous, rendez-vous sur <a href=\"https:\/\/www.kit-embrayage.fr\/\" target=\"_blank\" rel=\"noreferrer noopener\">Kit Embrayage<\/a>.<\/p>\n","protected":false},"excerpt":{"rendered":"<p>En 2023, dans une d\u00e9marche de pr\u00e9servation \u00e9nerg\u00e9tique, l\u2019Etat fran\u00e7ais a revu le montant de sa prime \u00e0 la conversion. En effet, si vous achetez [&#8230;]<\/p>\n","protected":false},"author":2,"featured_media":0,"comment_status":"open","ping_status":"open","sticky":false,"template":"","format":"standard","meta":[],"categories":[8],"tags":[],"_links":{"self":[{"href":"https:\/\/bernac-dessus.fr\/index.php?rest_route=\/wp\/v2\/posts\/431"}],"collection":[{"href":"https:\/\/bernac-dessus.fr\/index.php?rest_route=\/wp\/v2\/posts"}],"about":[{"href":"https:\/\/bernac-dessus.fr\/index.php?rest_route=\/wp\/v2\/types\/post"}],"author":[{"embeddable":true,"href":"https:\/\/bernac-dessus.fr\/index.php?rest_route=\/wp\/v2\/users\/2"}],"replies":[{"embeddable":true,"href":"https:\/\/bernac-dessus.fr\/index.php?rest_route=%2Fwp%2Fv2%2Fcomments&post=431"}],"version-history":[{"count":4,"href":"https:\/\/bernac-dessus.fr\/index.php?rest_route=\/wp\/v2\/posts\/431\/revisions"}],"predecessor-version":[{"id":454,"href":"https:\/\/bernac-dessus.fr\/index.php?rest_route=\/wp\/v2\/posts\/431\/revisions\/454"}],"wp:attachment":[{"href":"https:\/\/bernac-dessus.fr\/index.php?rest_route=%2Fwp%2Fv2%2Fmedia&parent=431"}],"wp:term":[{"taxonomy":"category","embeddable":true,"href":"https:\/\/bernac-dessus.fr\/index.php?rest_route=%2Fwp%2Fv2%2Fcategories&post=431"},{"taxonomy":"post_tag","embeddable":true,"href":"https:\/\/bernac-dessus.fr\/index.php?rest_route=%2Fwp%2Fv2%2Ftags&post=431"}],"curies":[{"name":"wp","href":"https:\/\/api.w.org\/{rel}","templated":true}]}}